{"id":1445,"date":"2019-03-25T18:04:16","date_gmt":"2019-03-25T17:04:16","guid":{"rendered":"https:\/\/giteenfinistere.com\/?p=1445"},"modified":"2025-12-21T16:53:51","modified_gmt":"2025-12-21T15:53:51","slug":"chapelle-du-traon","status":"publish","type":"post","link":"https:\/\/giteenfinistere.com\/fr\/2019\/03\/25\/chapelle-du-traon\/","title":{"rendered":"CHAPELLE DU TRAON"},"content":{"rendered":"<div id=\"pl-1445\"  class=\"panel-layout\" ><div id=\"pg-1445-0\"  class=\"panel-grid panel-no-style\" ><div id=\"pgc-1445-0-0\"  class=\"panel-grid-cell\" ><div id=\"panel-1445-0-0-0\" class=\"so-panel widget widget_text panel-first-child panel-last-child\" data-index=\"0\" ><h3 class=\"widget-title\">Dame du train ou du val<\/h3>\t\t\t<div class=\"textwidget\"><p>Cette chapelle s&#039;appelle Notre Dame du Train ou du Val et a \u00e9t\u00e9 construite au XVIe si\u00e8cle. Il appartient \u00e0 la maison Keradiou du manoir de Rannorgad et a \u00e9t\u00e9 restaur\u00e9 au XVIIIe si\u00e8cle. Le manoir de Rannorgad est \u00e0 un kilom\u00e8tre \u00e0 l&#039;est. Comme on le voit, un arc de triomphe dat\u00e9 de 1738 constitue une entr\u00e9e harmonieuse dans la chapelle avec son clocher \u00e0 deux chambres. Sans parler de ses statues antiques, de ses gargouilles et du portail de la Renaissance situ\u00e9 \u00e0 la porte lat\u00e9rale.<\/p>\n<\/div>\n\t\t<\/div><\/div><div id=\"pgc-1445-0-1\"  class=\"panel-grid-cell\" ><div id=\"panel-1445-0-1-0\" class=\"so-panel widget widget_text panel-first-child panel-last-child\" data-index=\"1\" ><h3 class=\"widget-title\">Tinas et Ponci<\/h3>\t\t\t<div class=\"textwidget\"><p>La magnifique croix au calvaire porte les armoiries des familles Kergadiou et Moyne de Ranvlou&#039;ch ainsi que les noms des fabricants de la croix au calvaire. Deux Italiens, appel\u00e9s Tinas et Ponci, sont probablement des sculpteurs de la Marine royale \u00e0 Brest. Dans la direction sud de la chapelle se trouve une fontaine sacr\u00e9e avec deux lavabos et un \u00abPool-lin\u00bb, autrement dit un bassin pour le linge tremp\u00e9.<\/p>\n<\/div>\n\t\t<\/div><\/div><\/div><div id=\"pg-1445-1\"  class=\"panel-grid panel-no-style\" ><div id=\"pgc-1445-1-0\"  class=\"panel-grid-cell\" ><div id=\"panel-1445-1-0-0\" class=\"so-panel widget widget_sow-image panel-first-child panel-last-child\" data-index=\"2\" ><div\n\t\t\t\n\t\t\tclass=\"so-widget-sow-image so-widget-sow-image-default-a258e6bfa2d8-1445\"\n\t\t\t\n\t\t>\n<div class=\"sow-image-container\">\n\t\t<img fetchpriority=\"high\" \n\tsrc=\"https:\/\/i0.wp.com\/giteenfinistere.com\/wp-content\/uploads\/2019\/03\/IMG_0968-e1553531816616.jpg?fit=1200%2C800&amp;ssl=1\" width=\"1200\" height=\"800\" title=\"IMG_0968\" alt=\"\" \t\tclass=\"so-widget-image\"\/>\n\t<\/div>\n\n<\/div><\/div><\/div><div id=\"pgc-1445-1-1\"  class=\"panel-grid-cell\" ><div id=\"panel-1445-1-1-0\" class=\"so-panel widget widget_sow-image panel-first-child panel-last-child\" data-index=\"3\" ><div\n\t\t\t\n\t\t\tclass=\"so-widget-sow-image so-widget-sow-image-default-a258e6bfa2d8-1445\"\n\t\t\t\n\t\t>\n<div class=\"sow-image-container\">\n\t\t<img \n\tsrc=\"https:\/\/i0.wp.com\/giteenfinistere.com\/wp-content\/uploads\/2019\/03\/IMG_0975-e1553531971143.jpg?fit=1200%2C800&amp;ssl=1\" width=\"1200\" height=\"800\" title=\"IMG_0975\" alt=\"\" \t\tclass=\"so-widget-image\"\/>\n\t<\/div>\n\n<\/div><\/div><\/div><\/div><div id=\"pg-1445-2\"  class=\"panel-grid panel-no-style\" ><div id=\"pgc-1445-2-0\"  class=\"panel-grid-cell\" ><div id=\"panel-1445-2-0-0\" class=\"so-panel widget widget_sow-image panel-first-child panel-last-child\" data-index=\"4\" ><div\n\t\t\t\n\t\t\tclass=\"so-widget-sow-image so-widget-sow-image-default-a258e6bfa2d8-1445\"\n\t\t\t\n\t\t>\n<div class=\"sow-image-container\">\n\t\t<img \n\tsrc=\"https:\/\/i0.wp.com\/giteenfinistere.com\/wp-content\/uploads\/2019\/03\/IMG_0970-e1553531856870.jpg?fit=1200%2C800&amp;ssl=1\" width=\"1200\" height=\"800\" title=\"IMG_0970\" alt=\"\" \t\tclass=\"so-widget-image\"\/>\n\t<\/div>\n\n<\/div><\/div><\/div><div id=\"pgc-1445-2-1\"  class=\"panel-grid-cell\" ><div id=\"panel-1445-2-1-0\" class=\"so-panel widget widget_sow-image panel-first-child panel-last-child\" data-index=\"5\" ><div\n\t\t\t\n\t\t\tclass=\"so-widget-sow-image so-widget-sow-image-default-a258e6bfa2d8-1445\"\n\t\t\t\n\t\t>\n<div class=\"sow-image-container\">\n\t\t<img loading=\"lazy\" \n\tsrc=\"https:\/\/i0.wp.com\/giteenfinistere.com\/wp-content\/uploads\/2019\/03\/IMG_0971-e1553531892917.jpg?fit=1200%2C800&amp;ssl=1\" width=\"1200\" height=\"800\" title=\"IMG_0971\" alt=\"\" \t\tclass=\"so-widget-image\"\/>\n\t<\/div>\n\n<\/div><\/div><\/div><\/div><\/div>","protected":false},"excerpt":{"rendered":"<p>Cette chapelle s&#039;appelle Notre Dame du Train ou du Val et a \u00e9t\u00e9 construite au XVIe si\u00e8cle. Il appartient \u00e0 la maison Keradiou du manoir de Rannorgad et a \u00e9t\u00e9 restaur\u00e9 au XVIIIe si\u00e8cle. Le manoir de Rannorgad est \u00e0 un kilom\u00e8tre \u00e0 l&#039;est. Comme on peut le voir, un arc de triomphe dat\u00e9 de 1738 permet un acc\u00e8s harmonieux au\u2026<\/p>\n<a class=\"read-more-link\" href=\" https:\/\/giteenfinistere.com\/fr\/2019\/03\/25\/chapelle-du-traon\/ \">Lire plus<\/a>","protected":false},"author":1,"featured_media":1452,"comment_status":"open","ping_status":"open","sticky":false,"template":"","format":"standard","meta":{"_coblocks_attr":"","_coblocks_dimensions":"","_coblocks_responsive_height":"","_coblocks_accordion_ie_support":"","_eb_attr":"","_crdt_document":"","_jetpack_newsletter_access":"","_jetpack_dont_email_post_to_subs":false,"_jetpack_newsletter_tier_id":0,"_jetpack_memberships_contains_paywalled_content":false,"_jetpack_memberships_contains_paid_content":false,"footnotes":"","jetpack_publicize_message":"","jetpack_publicize_feature_enabled":true,"jetpack_social_post_already_shared":true,"jetpack_social_options":{"image_generator_settings":{"template":"highway","default_image_id":0,"font":"","enabled":false},"version":2},"_wpas_customize_per_network":false,"jetpack_post_was_ever_published":false},"categories":[650664082,650664040,650664099,650664085],"tags":[],"class_list":["post-1445","post","type-post","status-publish","format-standard","has-post-thumbnail","hentry","category-heritage","category-sandpiper-cottage-by-the-sea","category-vacation-in-finistere","category-vacation-in-plouguerneau","col-lg-4 col-sm-6"],"yoast_head":"<!-- This site is optimized with the Yoast SEO plugin v27.4 - https:\/\/yoast.com\/product\/yoast-seo-wordpress\/ -->\n<title>CHAPELLE DU TRAON - Vacation in Plouguerneau<\/title>\n<meta name=\"description\" content=\"Vacation in Plouguerneau\" \/>\n<meta name=\"robots\" content=\"index, follow, max-snippet:-1, max-image-preview:large, max-video-preview:-1\" \/>\n<link rel=\"canonical\" href=\"https:\/\/giteenfinistere.com\/fr\/2019\/03\/25\/chapelle-du-traon\/\" \/>\n<meta property=\"og:locale\" content=\"fr_FR\" \/>\n<meta property=\"og:type\" content=\"article\" \/>\n<meta property=\"og:title\" content=\"CHAPELLE DU TRAON - Vacation in Plouguerneau\" \/>\n<meta property=\"og:description\" content=\"Vacation in Plouguerneau\" \/>\n<meta property=\"og:url\" content=\"https:\/\/giteenfinistere.com\/fr\/2019\/03\/25\/chapelle-du-traon\/\" \/>\n<meta property=\"article:published_time\" content=\"2019-03-25T17:04:16+00:00\" \/>\n<meta property=\"article:modified_time\" content=\"2025-12-21T15:53:51+00:00\" \/>\n<meta property=\"og:image\" content=\"https:\/\/giteenfinistere.com\/wp-content\/uploads\/2019\/03\/IMG_1348.jpg\" \/>\n\t<meta property=\"og:image:width\" content=\"2374\" \/>\n\t<meta property=\"og:image:height\" content=\"1858\" \/>\n\t<meta property=\"og:image:type\" content=\"image\/jpeg\" \/>\n<meta name=\"author\" content=\"Michael\" \/>\n<meta name=\"twitter:card\" content=\"summary_large_image\" \/>\n<meta name=\"twitter:label1\" content=\"\u00c9crit par\" \/>\n\t<meta name=\"twitter:data1\" content=\"Michael\" \/>\n\t<meta name=\"twitter:label2\" content=\"Dur\u00e9e de lecture estim\u00e9e\" \/>\n\t<meta name=\"twitter:data2\" content=\"2 minutes\" \/>\n<script type=\"application\/ld+json\" class=\"yoast-schema-graph\">{\"@context\":\"https:\\\/\\\/schema.org\",\"@graph\":[{\"@type\":\"Article\",\"@id\":\"https:\\\/\\\/giteenfinistere.com\\\/2019\\\/03\\\/25\\\/chapelle-du-traon\\\/#article\",\"isPartOf\":{\"@id\":\"https:\\\/\\\/giteenfinistere.com\\\/2019\\\/03\\\/25\\\/chapelle-du-traon\\\/\"},\"author\":{\"name\":\"Michael\",\"@id\":\"https:\\\/\\\/giteenfinistere.com\\\/#\\\/schema\\\/person\\\/523e96d87f1c59197c5f05e068fd250d\"},\"headline\":\"CHAPELLE DU TRAON\",\"datePublished\":\"2019-03-25T17:04:16+00:00\",\"dateModified\":\"2025-12-21T15:53:51+00:00\",\"mainEntityOfPage\":{\"@id\":\"https:\\\/\\\/giteenfinistere.com\\\/2019\\\/03\\\/25\\\/chapelle-du-traon\\\/\"},\"wordCount\":194,\"commentCount\":1,\"publisher\":{\"@id\":\"https:\\\/\\\/giteenfinistere.com\\\/#organization\"},\"image\":{\"@id\":\"https:\\\/\\\/giteenfinistere.com\\\/2019\\\/03\\\/25\\\/chapelle-du-traon\\\/#primaryimage\"},\"thumbnailUrl\":\"https:\\\/\\\/i0.wp.com\\\/giteenfinistere.com\\\/wp-content\\\/uploads\\\/2019\\\/03\\\/IMG_1348.jpg?fit=2374%2C1858&ssl=1\",\"articleSection\":[\"Heritage\",\"Sandpiper Cottage by the Sea\",\"Vacation in Finistere\",\"Vacation in Plouguerneau\"],\"inLanguage\":\"fr-FR\",\"potentialAction\":[{\"@type\":\"CommentAction\",\"name\":\"Comment\",\"target\":[\"https:\\\/\\\/giteenfinistere.com\\\/2019\\\/03\\\/25\\\/chapelle-du-traon\\\/#respond\"]}]},{\"@type\":\"WebPage\",\"@id\":\"https:\\\/\\\/giteenfinistere.com\\\/2019\\\/03\\\/25\\\/chapelle-du-traon\\\/\",\"url\":\"https:\\\/\\\/giteenfinistere.com\\\/2019\\\/03\\\/25\\\/chapelle-du-traon\\\/\",\"name\":\"CHAPELLE DU TRAON - Vacation in Plouguerneau\",\"isPartOf\":{\"@id\":\"https:\\\/\\\/giteenfinistere.com\\\/#website\"},\"primaryImageOfPage\":{\"@id\":\"https:\\\/\\\/giteenfinistere.com\\\/2019\\\/03\\\/25\\\/chapelle-du-traon\\\/#primaryimage\"},\"image\":{\"@id\":\"https:\\\/\\\/giteenfinistere.com\\\/2019\\\/03\\\/25\\\/chapelle-du-traon\\\/#primaryimage\"},\"thumbnailUrl\":\"https:\\\/\\\/i0.wp.com\\\/giteenfinistere.com\\\/wp-content\\\/uploads\\\/2019\\\/03\\\/IMG_1348.jpg?fit=2374%2C1858&ssl=1\",\"datePublished\":\"2019-03-25T17:04:16+00:00\",\"dateModified\":\"2025-12-21T15:53:51+00:00\",\"description\":\"Vacation in Plouguerneau\",\"breadcrumb\":{\"@id\":\"https:\\\/\\\/giteenfinistere.com\\\/2019\\\/03\\\/25\\\/chapelle-du-traon\\\/#breadcrumb\"},\"inLanguage\":\"fr-FR\",\"potentialAction\":[{\"@type\":\"ReadAction\",\"target\":[\"https:\\\/\\\/giteenfinistere.com\\\/2019\\\/03\\\/25\\\/chapelle-du-traon\\\/\"]}]},{\"@type\":\"ImageObject\",\"inLanguage\":\"fr-FR\",\"@id\":\"https:\\\/\\\/giteenfinistere.com\\\/2019\\\/03\\\/25\\\/chapelle-du-traon\\\/#primaryimage\",\"url\":\"https:\\\/\\\/i0.wp.com\\\/giteenfinistere.com\\\/wp-content\\\/uploads\\\/2019\\\/03\\\/IMG_1348.jpg?fit=2374%2C1858&ssl=1\",\"contentUrl\":\"https:\\\/\\\/i0.wp.com\\\/giteenfinistere.com\\\/wp-content\\\/uploads\\\/2019\\\/03\\\/IMG_1348.jpg?fit=2374%2C1858&ssl=1\",\"width\":2374,\"height\":1858},{\"@type\":\"BreadcrumbList\",\"@id\":\"https:\\\/\\\/giteenfinistere.com\\\/2019\\\/03\\\/25\\\/chapelle-du-traon\\\/#breadcrumb\",\"itemListElement\":[{\"@type\":\"ListItem\",\"position\":1,\"name\":\"Home\",\"item\":\"https:\\\/\\\/giteenfinistere.com\\\/\"},{\"@type\":\"ListItem\",\"position\":2,\"name\":\"CHAPELLE DU TRAON\"}]},{\"@type\":\"WebSite\",\"@id\":\"https:\\\/\\\/giteenfinistere.com\\\/#website\",\"url\":\"https:\\\/\\\/giteenfinistere.com\\\/\",\"name\":\"\",\"description\":\"\",\"publisher\":{\"@id\":\"https:\\\/\\\/giteenfinistere.com\\\/#organization\"},\"potentialAction\":[{\"@type\":\"SearchAction\",\"target\":{\"@type\":\"EntryPoint\",\"urlTemplate\":\"https:\\\/\\\/giteenfinistere.com\\\/?s={search_term_string}\"},\"query-input\":{\"@type\":\"PropertyValueSpecification\",\"valueRequired\":true,\"valueName\":\"search_term_string\"}}],\"inLanguage\":\"fr-FR\"},{\"@type\":\"Organization\",\"@id\":\"https:\\\/\\\/giteenfinistere.com\\\/#organization\",\"name\":\"Sandpiper Cottage by the Sea\",\"url\":\"https:\\\/\\\/giteenfinistere.com\\\/\",\"logo\":{\"@type\":\"ImageObject\",\"inLanguage\":\"fr-FR\",\"@id\":\"https:\\\/\\\/giteenfinistere.com\\\/#\\\/schema\\\/logo\\\/image\\\/\",\"url\":\"https:\\\/\\\/i1.wp.com\\\/giteenfinistere.com\\\/wp-content\\\/uploads\\\/2018\\\/10\\\/logo4.png?fit=485%2C85&ssl=1\",\"contentUrl\":\"https:\\\/\\\/i1.wp.com\\\/giteenfinistere.com\\\/wp-content\\\/uploads\\\/2018\\\/10\\\/logo4.png?fit=485%2C85&ssl=1\",\"width\":485,\"height\":85,\"caption\":\"Sandpiper Cottage by the Sea\"},\"image\":{\"@id\":\"https:\\\/\\\/giteenfinistere.com\\\/#\\\/schema\\\/logo\\\/image\\\/\"}},{\"@type\":\"Person\",\"@id\":\"https:\\\/\\\/giteenfinistere.com\\\/#\\\/schema\\\/person\\\/523e96d87f1c59197c5f05e068fd250d\",\"name\":\"Michael\",\"image\":{\"@type\":\"ImageObject\",\"inLanguage\":\"fr-FR\",\"@id\":\"https:\\\/\\\/secure.gravatar.com\\\/avatar\\\/4eb55a78ce6f5455aa2c1a602ce2a16b1c39fd4440b0f3ac10cc445dd0eaae8a?s=96&d=identicon&r=g\",\"url\":\"https:\\\/\\\/secure.gravatar.com\\\/avatar\\\/4eb55a78ce6f5455aa2c1a602ce2a16b1c39fd4440b0f3ac10cc445dd0eaae8a?s=96&d=identicon&r=g\",\"contentUrl\":\"https:\\\/\\\/secure.gravatar.com\\\/avatar\\\/4eb55a78ce6f5455aa2c1a602ce2a16b1c39fd4440b0f3ac10cc445dd0eaae8a?s=96&d=identicon&r=g\",\"caption\":\"Michael\"},\"description\":\"My Journey in Photography: Photography has fascinated me since my youth. I started with black-and-white photography and spent hours in a room with red light and strong chemicals developing photos. Today, I am discovering digital photography as a medium of endless possibilities. After studying aeronautical engineering, I worked for decades in the aviation industry and am now focusing on further developing my creative side. I find beauty in the subtle and often overlooked details. I create images that tell stories in a unique and thought-provoking way. My work is mostly about urban scapes. I capture the essence and hidden corners of the world I wander through. Join me on a journey to discover unseen beauty and stories from life.\",\"sameAs\":[\"http:\\\/\\\/untoldstories.pics\"]}]}<\/script>\n<!-- \/ Yoast SEO plugin. -->","yoast_head_json":{"title":"CHAPELLE DU TRAON - Vacances \u00e0 Plouguerneau","description":"Vacances \u00e0 Plouguerneau","robots":{"index":"index","follow":"follow","max-snippet":"max-snippet:-1","max-image-preview":"max-image-preview:large","max-video-preview":"max-video-preview:-1"},"canonical":"https:\/\/giteenfinistere.com\/fr\/2019\/03\/25\/chapelle-du-traon\/","og_locale":"fr_FR","og_type":"article","og_title":"CHAPELLE DU TRAON - Vacation in Plouguerneau","og_description":"Vacation in Plouguerneau","og_url":"https:\/\/giteenfinistere.com\/fr\/2019\/03\/25\/chapelle-du-traon\/","article_published_time":"2019-03-25T17:04:16+00:00","article_modified_time":"2025-12-21T15:53:51+00:00","og_image":[{"width":2374,"height":1858,"url":"https:\/\/giteenfinistere.com\/wp-content\/uploads\/2019\/03\/IMG_1348.jpg","type":"image\/jpeg"}],"author":"Michael","twitter_card":"summary_large_image","twitter_misc":{"\u00c9crit par":"Michael","Dur\u00e9e de lecture estim\u00e9e":"2 minutes"},"schema":{"@context":"https:\/\/schema.org","@graph":[{"@type":"Article","@id":"https:\/\/giteenfinistere.com\/2019\/03\/25\/chapelle-du-traon\/#article","isPartOf":{"@id":"https:\/\/giteenfinistere.com\/2019\/03\/25\/chapelle-du-traon\/"},"author":{"name":"Michael","@id":"https:\/\/giteenfinistere.com\/#\/schema\/person\/523e96d87f1c59197c5f05e068fd250d"},"headline":"CHAPELLE DU TRAON","datePublished":"2019-03-25T17:04:16+00:00","dateModified":"2025-12-21T15:53:51+00:00","mainEntityOfPage":{"@id":"https:\/\/giteenfinistere.com\/2019\/03\/25\/chapelle-du-traon\/"},"wordCount":194,"commentCount":1,"publisher":{"@id":"https:\/\/giteenfinistere.com\/#organization"},"image":{"@id":"https:\/\/giteenfinistere.com\/2019\/03\/25\/chapelle-du-traon\/#primaryimage"},"thumbnailUrl":"https:\/\/i0.wp.com\/giteenfinistere.com\/wp-content\/uploads\/2019\/03\/IMG_1348.jpg?fit=2374%2C1858&ssl=1","articleSection":["Heritage","Sandpiper Cottage by the Sea","Vacation in Finistere","Vacation in Plouguerneau"],"inLanguage":"fr-FR","potentialAction":[{"@type":"CommentAction","name":"Comment","target":["https:\/\/giteenfinistere.com\/2019\/03\/25\/chapelle-du-traon\/#respond"]}]},{"@type":"WebPage","@id":"https:\/\/giteenfinistere.com\/2019\/03\/25\/chapelle-du-traon\/","url":"https:\/\/giteenfinistere.com\/2019\/03\/25\/chapelle-du-traon\/","name":"CHAPELLE DU TRAON - Vacances \u00e0 Plouguerneau","isPartOf":{"@id":"https:\/\/giteenfinistere.com\/#website"},"primaryImageOfPage":{"@id":"https:\/\/giteenfinistere.com\/2019\/03\/25\/chapelle-du-traon\/#primaryimage"},"image":{"@id":"https:\/\/giteenfinistere.com\/2019\/03\/25\/chapelle-du-traon\/#primaryimage"},"thumbnailUrl":"https:\/\/i0.wp.com\/giteenfinistere.com\/wp-content\/uploads\/2019\/03\/IMG_1348.jpg?fit=2374%2C1858&ssl=1","datePublished":"2019-03-25T17:04:16+00:00","dateModified":"2025-12-21T15:53:51+00:00","description":"Vacances \u00e0 Plouguerneau","breadcrumb":{"@id":"https:\/\/giteenfinistere.com\/2019\/03\/25\/chapelle-du-traon\/#breadcrumb"},"inLanguage":"fr-FR","potentialAction":[{"@type":"ReadAction","target":["https:\/\/giteenfinistere.com\/2019\/03\/25\/chapelle-du-traon\/"]}]},{"@type":"ImageObject","inLanguage":"fr-FR","@id":"https:\/\/giteenfinistere.com\/2019\/03\/25\/chapelle-du-traon\/#primaryimage","url":"https:\/\/i0.wp.com\/giteenfinistere.com\/wp-content\/uploads\/2019\/03\/IMG_1348.jpg?fit=2374%2C1858&ssl=1","contentUrl":"https:\/\/i0.wp.com\/giteenfinistere.com\/wp-content\/uploads\/2019\/03\/IMG_1348.jpg?fit=2374%2C1858&ssl=1","width":2374,"height":1858},{"@type":"BreadcrumbList","@id":"https:\/\/giteenfinistere.com\/2019\/03\/25\/chapelle-du-traon\/#breadcrumb","itemListElement":[{"@type":"ListItem","position":1,"name":"Home","item":"https:\/\/giteenfinistere.com\/"},{"@type":"ListItem","position":2,"name":"CHAPELLE DU TRAON"}]},{"@type":"WebSite","@id":"https:\/\/giteenfinistere.com\/#website","url":"https:\/\/giteenfinistere.com\/","name":"","description":"","publisher":{"@id":"https:\/\/giteenfinistere.com\/#organization"},"potentialAction":[{"@type":"SearchAction","target":{"@type":"EntryPoint","urlTemplate":"https:\/\/giteenfinistere.com\/?s={search_term_string}"},"query-input":{"@type":"PropertyValueSpecification","valueRequired":true,"valueName":"search_term_string"}}],"inLanguage":"fr-FR"},{"@type":"Organization","@id":"https:\/\/giteenfinistere.com\/#organization","name":"Sandpiper Cottage by the Sea","url":"https:\/\/giteenfinistere.com\/","logo":{"@type":"ImageObject","inLanguage":"fr-FR","@id":"https:\/\/giteenfinistere.com\/#\/schema\/logo\/image\/","url":"https:\/\/i1.wp.com\/giteenfinistere.com\/wp-content\/uploads\/2018\/10\/logo4.png?fit=485%2C85&ssl=1","contentUrl":"https:\/\/i1.wp.com\/giteenfinistere.com\/wp-content\/uploads\/2018\/10\/logo4.png?fit=485%2C85&ssl=1","width":485,"height":85,"caption":"Sandpiper Cottage by the Sea"},"image":{"@id":"https:\/\/giteenfinistere.com\/#\/schema\/logo\/image\/"}},{"@type":"Person","@id":"https:\/\/giteenfinistere.com\/#\/schema\/person\/523e96d87f1c59197c5f05e068fd250d","name":"Michel","image":{"@type":"ImageObject","inLanguage":"fr-FR","@id":"https:\/\/secure.gravatar.com\/avatar\/4eb55a78ce6f5455aa2c1a602ce2a16b1c39fd4440b0f3ac10cc445dd0eaae8a?s=96&d=identicon&r=g","url":"https:\/\/secure.gravatar.com\/avatar\/4eb55a78ce6f5455aa2c1a602ce2a16b1c39fd4440b0f3ac10cc445dd0eaae8a?s=96&d=identicon&r=g","contentUrl":"https:\/\/secure.gravatar.com\/avatar\/4eb55a78ce6f5455aa2c1a602ce2a16b1c39fd4440b0f3ac10cc445dd0eaae8a?s=96&d=identicon&r=g","caption":"Michael"},"description":"Mon parcours photographique : La photographie me passionne depuis ma plus tendre enfance. J&#039;ai d\u00e9but\u00e9 avec la photographie en noir et blanc et passais des heures dans une chambre noire, \u00e0 d\u00e9velopper mes clich\u00e9s. Aujourd&#039;hui, je d\u00e9couvre la photographie num\u00e9rique, un m\u00e9dium aux possibilit\u00e9s infinies. Apr\u00e8s des \u00e9tudes d&#039;ing\u00e9nierie a\u00e9ronautique, j&#039;ai travaill\u00e9 pendant des d\u00e9cennies dans l&#039;industrie a\u00e9ronautique et je me consacre d\u00e9sormais \u00e0 l&#039;\u00e9panouissement de ma cr\u00e9ativit\u00e9. Je trouve la beaut\u00e9 dans les d\u00e9tails subtils, souvent imperceptibles. Je cr\u00e9e des images qui racontent des histoires de mani\u00e8re unique et stimulante. Mon travail se concentre principalement sur les paysages urbains. Je capture l&#039;essence et les recoins cach\u00e9s du monde que je traverse. Embarquez avec moi pour un voyage \u00e0 la d\u00e9couverte de beaut\u00e9s insoup\u00e7onn\u00e9es et d&#039;histoires de vie.","sameAs":["http:\/\/untoldstories.pics"]}]}},"jetpack_publicize_connections":[],"jetpack_featured_media_url":"https:\/\/i0.wp.com\/giteenfinistere.com\/wp-content\/uploads\/2019\/03\/IMG_1348.jpg?fit=2374%2C1858&ssl=1","jetpack_sharing_enabled":true,"jetpack_shortlink":"https:\/\/wp.me\/p9GoUt-nj","jetpack_likes_enabled":true,"_links":{"self":[{"href":"https:\/\/giteenfinistere.com\/fr\/wp-json\/wp\/v2\/posts\/1445","targetHints":{"allow":["GET"]}}],"collection":[{"href":"https:\/\/giteenfinistere.com\/fr\/wp-json\/wp\/v2\/posts"}],"about":[{"href":"https:\/\/giteenfinistere.com\/fr\/wp-json\/wp\/v2\/types\/post"}],"author":[{"embeddable":true,"href":"https:\/\/giteenfinistere.com\/fr\/wp-json\/wp\/v2\/users\/1"}],"replies":[{"embeddable":true,"href":"https:\/\/giteenfinistere.com\/fr\/wp-json\/wp\/v2\/comments?post=1445"}],"version-history":[{"count":41,"href":"https:\/\/giteenfinistere.com\/fr\/wp-json\/wp\/v2\/posts\/1445\/revisions"}],"predecessor-version":[{"id":4680,"href":"https:\/\/giteenfinistere.com\/fr\/wp-json\/wp\/v2\/posts\/1445\/revisions\/4680"}],"wp:featuredmedia":[{"embeddable":true,"href":"https:\/\/giteenfinistere.com\/fr\/wp-json\/wp\/v2\/media\/1452"}],"wp:attachment":[{"href":"https:\/\/giteenfinistere.com\/fr\/wp-json\/wp\/v2\/media?parent=1445"}],"wp:term":[{"taxonomy":"category","embeddable":true,"href":"https:\/\/giteenfinistere.com\/fr\/wp-json\/wp\/v2\/categories?post=1445"},{"taxonomy":"post_tag","embeddable":true,"href":"https:\/\/giteenfinistere.com\/fr\/wp-json\/wp\/v2\/tags?post=1445"}],"curies":[{"name":"wp","href":"https:\/\/api.w.org\/{rel}","templated":true}]}}