{"id":1388,"date":"2019-03-25T18:03:56","date_gmt":"2019-03-25T17:03:56","guid":{"rendered":"https:\/\/giteenfinistere.com\/?p=1388"},"modified":"2025-12-21T16:59:47","modified_gmt":"2025-12-21T15:59:47","slug":"morning-walk-with-vasco","status":"publish","type":"post","link":"https:\/\/giteenfinistere.com\/de\/2019\/03\/25\/morning-walk-with-vasco\/","title":{"rendered":"MORNING WALK MIT VASCO"},"content":{"rendered":"<div id=\"pl-1388\"  class=\"panel-layout\" ><div id=\"pg-1388-0\"  class=\"panel-grid panel-no-style\" ><div id=\"pgc-1388-0-0\"  class=\"panel-grid-cell\" ><div id=\"panel-1388-0-0-0\" class=\"so-panel widget widget_sow-editor panel-first-child panel-last-child\" data-index=\"0\" ><div\n\t\t\t\n\t\t\tclass=\"so-widget-sow-editor so-widget-sow-editor-base\"\n\t\t\t\n\t\t><h3 class=\"widget-title\">Ein kurzer Spaziergang im April zum Fr\u00fchst\u00fccksfelsen<\/h3>\n<div class=\"siteorigin-widget-tinymce textwidget\">\n\t<p>Jeden Morgen besteht Vasco auf einem Spaziergang zu einer kleinen Felsformation in der N\u00e4he des Hauses, direkt an der K\u00fcste. Wir nennen es den \"Fr\u00fchst\u00fccksfelsen\" und es hat einen spektakul\u00e4ren Blick auf den Phase d'Isle Vierge (Leuchtturm) und die zusammensto\u00dfenden Wellen der K\u00fcste. Wir starten direkt am Sentier des Doaniers (GR34) und machen uns auf den Weg durch die Heide und die Granitfelsen. Wenn kein anderer Hund in der N\u00e4he ist, rennt Vasco frei und kennt seinen Weg zu einem kleinen Wasserloch, an dem er frisches Regenwasser trinken kann.<\/p>\n<\/div>\n<\/div><\/div><\/div><\/div><div id=\"pg-1388-1\"  class=\"panel-grid panel-no-style\" ><div id=\"pgc-1388-1-0\"  class=\"panel-grid-cell\" ><div id=\"panel-1388-1-0-0\" class=\"so-panel widget widget_sow-image-grid panel-first-child panel-last-child\" data-index=\"1\" ><div\n\t\t\t\n\t\t\tclass=\"so-widget-sow-image-grid so-widget-sow-image-grid-default-e35371399e2d-1388\"\n\t\t\t\n\t\t>\t<div\n\t\tclass=\"sow-image-grid-wrapper\"\n\t\t\t\t\t>\n\t\t\t\t\t<div class=\"sow-image-grid-image\">\n\t\t\t\t\t\t\t\t\t\t\t\t<img fetchpriority=\"high\" decoding=\"async\" width=\"1200\" height=\"800\" src=\"https:\/\/i0.wp.com\/giteenfinistere.com\/wp-content\/uploads\/2019\/03\/IMG_0963-e1553520975217.jpg?fit=1200%2C800&amp;ssl=1\" class=\"sow-image-grid-image_html\" alt=\"\" title=\"Blick vom Sandpiper Cottage auf das st\u00fcrmische Meer im April\" data-attachment-id=\"1397\" data-permalink=\"https:\/\/giteenfinistere.com\/de\/img_0963\/\" data-orig-file=\"https:\/\/i0.wp.com\/giteenfinistere.com\/wp-content\/uploads\/2019\/03\/IMG_0963-e1553520975217.jpg?fit=1200%2C800&amp;ssl=1\" data-orig-size=\"1200,800\" data-comments-opened=\"1\" data-image-meta=\"{&quot;aperture&quot;:&quot;8&quot;,&quot;credit&quot;:&quot;&quot;,&quot;camera&quot;:&quot;Canon EOS 6D&quot;,&quot;caption&quot;:&quot;&quot;,&quot;created_timestamp&quot;:&quot;1552471177&quot;,&quot;copyright&quot;:&quot;&quot;,&quot;focal_length&quot;:&quot;84&quot;,&quot;iso&quot;:&quot;100&quot;,&quot;shutter_speed&quot;:&quot;0.003125&quot;,&quot;title&quot;:&quot;&quot;,&quot;orientation&quot;:&quot;1&quot;}\" data-image-title=\"IMG_0963\" data-image-description=\"\" data-image-caption=\"\" data-large-file=\"https:\/\/i0.wp.com\/giteenfinistere.com\/wp-content\/uploads\/2019\/03\/IMG_0963-e1553520975217.jpg?fit=740%2C494&amp;ssl=1\" \/>\t\t\t\t\t\t\t\t\t\t\t<\/div>\n\t\t\t\t\t<div class=\"sow-image-grid-image\">\n\t\t\t\t\t\t\t\t\t\t\t\t<img decoding=\"async\" width=\"1200\" height=\"800\" src=\"https:\/\/i0.wp.com\/giteenfinistere.com\/wp-content\/uploads\/2019\/03\/IMG_0939-e1553522521795.jpg?fit=1200%2C800&amp;ssl=1\" class=\"sow-image-grid-image_html\" alt=\"\" title=\"Meledan und Phare de I&#039;\u00cele Vierge\" data-attachment-id=\"1398\" data-permalink=\"https:\/\/giteenfinistere.com\/de\/img_0939\/\" data-orig-file=\"https:\/\/i0.wp.com\/giteenfinistere.com\/wp-content\/uploads\/2019\/03\/IMG_0939-e1553522521795.jpg?fit=1200%2C800&amp;ssl=1\" data-orig-size=\"1200,800\" data-comments-opened=\"1\" data-image-meta=\"{&quot;aperture&quot;:&quot;8&quot;,&quot;credit&quot;:&quot;&quot;,&quot;camera&quot;:&quot;Canon EOS 6D&quot;,&quot;caption&quot;:&quot;&quot;,&quot;created_timestamp&quot;:&quot;1552298410&quot;,&quot;copyright&quot;:&quot;&quot;,&quot;focal_length&quot;:&quot;88&quot;,&quot;iso&quot;:&quot;100&quot;,&quot;shutter_speed&quot;:&quot;0.003125&quot;,&quot;title&quot;:&quot;&quot;,&quot;orientation&quot;:&quot;1&quot;}\" data-image-title=\"IMG_0939\" data-image-description=\"\" data-image-caption=\"\" data-large-file=\"https:\/\/i0.wp.com\/giteenfinistere.com\/wp-content\/uploads\/2019\/03\/IMG_0939-e1553522521795.jpg?fit=740%2C494&amp;ssl=1\" \/>\t\t\t\t\t\t\t\t\t\t\t<\/div>\n\t\t\t\t\t<div class=\"sow-image-grid-image\">\n\t\t\t\t\t\t\t\t\t\t\t\t<img decoding=\"async\" width=\"1200\" height=\"800\" src=\"https:\/\/i0.wp.com\/giteenfinistere.com\/wp-content\/uploads\/2019\/03\/IMG_0942-e1553522567215.jpg?fit=1200%2C800&amp;ssl=1\" class=\"sow-image-grid-image_html\" alt=\"\" title=\"IMG_0942\" data-attachment-id=\"1399\" data-permalink=\"https:\/\/giteenfinistere.com\/de\/img_0942\/\" data-orig-file=\"https:\/\/i0.wp.com\/giteenfinistere.com\/wp-content\/uploads\/2019\/03\/IMG_0942-e1553522567215.jpg?fit=1200%2C800&amp;ssl=1\" data-orig-size=\"1200,800\" data-comments-opened=\"1\" data-image-meta=\"{&quot;aperture&quot;:&quot;9&quot;,&quot;credit&quot;:&quot;&quot;,&quot;camera&quot;:&quot;Canon EOS 6D&quot;,&quot;caption&quot;:&quot;&quot;,&quot;created_timestamp&quot;:&quot;1552298617&quot;,&quot;copyright&quot;:&quot;&quot;,&quot;focal_length&quot;:&quot;47&quot;,&quot;iso&quot;:&quot;100&quot;,&quot;shutter_speed&quot;:&quot;0.005&quot;,&quot;title&quot;:&quot;&quot;,&quot;orientation&quot;:&quot;1&quot;}\" data-image-title=\"IMG_0942\" data-image-description=\"\" data-image-caption=\"\" data-large-file=\"https:\/\/i0.wp.com\/giteenfinistere.com\/wp-content\/uploads\/2019\/03\/IMG_0942-e1553522567215.jpg?fit=740%2C494&amp;ssl=1\" \/>\t\t\t\t\t\t\t\t\t\t\t<\/div>\n\t\t\t\t\t<div class=\"sow-image-grid-image\">\n\t\t\t\t\t\t\t\t\t\t\t\t<img loading=\"lazy\" decoding=\"async\" width=\"1200\" height=\"800\" src=\"https:\/\/i0.wp.com\/giteenfinistere.com\/wp-content\/uploads\/2019\/03\/fullsizeoutput_3ad-e1553522611194.jpeg?fit=1200%2C800&amp;ssl=1\" class=\"sow-image-grid-image_html\" alt=\"\" title=\"Vasco auf der Flucht\" data-attachment-id=\"1400\" data-permalink=\"https:\/\/giteenfinistere.com\/de\/fullsizeoutput_3ad\/\" data-orig-file=\"https:\/\/i0.wp.com\/giteenfinistere.com\/wp-content\/uploads\/2019\/03\/fullsizeoutput_3ad-e1553522611194.jpeg?fit=1200%2C800&amp;ssl=1\" data-orig-size=\"1200,800\" data-comments-opened=\"1\" data-image-meta=\"{&quot;aperture&quot;:&quot;10&quot;,&quot;credit&quot;:&quot;&quot;,&quot;camera&quot;:&quot;Canon EOS 6D&quot;,&quot;caption&quot;:&quot;&quot;,&quot;created_timestamp&quot;:&quot;1552298647&quot;,&quot;copyright&quot;:&quot;&quot;,&quot;focal_length&quot;:&quot;32&quot;,&quot;iso&quot;:&quot;100&quot;,&quot;shutter_speed&quot;:&quot;0.005&quot;,&quot;title&quot;:&quot;&quot;,&quot;orientation&quot;:&quot;1&quot;}\" data-image-title=\"fullsizeoutput_3ad\" data-image-description=\"\" data-image-caption=\"\" data-large-file=\"https:\/\/i0.wp.com\/giteenfinistere.com\/wp-content\/uploads\/2019\/03\/fullsizeoutput_3ad-e1553522611194.jpeg?fit=740%2C494&amp;ssl=1\" \/>\t\t\t\t\t\t\t\t\t\t\t<\/div>\n\t\t\t\t\t<div class=\"sow-image-grid-image\">\n\t\t\t\t\t\t\t\t\t\t\t\t<img loading=\"lazy\" decoding=\"async\" width=\"1200\" height=\"800\" src=\"https:\/\/i0.wp.com\/giteenfinistere.com\/wp-content\/uploads\/2019\/03\/fullsizeoutput_3b0-e1553522643644.jpeg?fit=1200%2C800&amp;ssl=1\" class=\"sow-image-grid-image_html\" alt=\"\" title=\"Fr\u00fchst\u00fcck Rock\" data-attachment-id=\"1401\" data-permalink=\"https:\/\/giteenfinistere.com\/de\/fullsizeoutput_3b0\/\" data-orig-file=\"https:\/\/i0.wp.com\/giteenfinistere.com\/wp-content\/uploads\/2019\/03\/fullsizeoutput_3b0-e1553522643644.jpeg?fit=1200%2C800&amp;ssl=1\" data-orig-size=\"1200,800\" data-comments-opened=\"1\" data-image-meta=\"{&quot;aperture&quot;:&quot;9&quot;,&quot;credit&quot;:&quot;&quot;,&quot;camera&quot;:&quot;Canon EOS 6D&quot;,&quot;caption&quot;:&quot;&quot;,&quot;created_timestamp&quot;:&quot;1552298714&quot;,&quot;copyright&quot;:&quot;&quot;,&quot;focal_length&quot;:&quot;24&quot;,&quot;iso&quot;:&quot;100&quot;,&quot;shutter_speed&quot;:&quot;0.00625&quot;,&quot;title&quot;:&quot;&quot;,&quot;orientation&quot;:&quot;1&quot;}\" data-image-title=\"fullsizeoutput_3b0\" data-image-description=\"&lt;p&gt;Vasco aiming the Breakfast rock&lt;\/p&gt;\" data-image-caption=\"&lt;p&gt;Vasco aiming the breakfast Rock&lt;\/p&gt;\" data-large-file=\"https:\/\/i0.wp.com\/giteenfinistere.com\/wp-content\/uploads\/2019\/03\/fullsizeoutput_3b0-e1553522643644.jpeg?fit=740%2C494&amp;ssl=1\" \/>\t\t\t\t\t\t\t\t\t\t\t<\/div>\n\t\t\t\t\t<div class=\"sow-image-grid-image\">\n\t\t\t\t\t\t\t\t\t\t\t\t<img loading=\"lazy\" decoding=\"async\" width=\"1200\" height=\"800\" src=\"https:\/\/i0.wp.com\/giteenfinistere.com\/wp-content\/uploads\/2019\/03\/IMG_0946-e1553522692552.jpg?fit=1200%2C800&amp;ssl=1\" class=\"sow-image-grid-image_html\" alt=\"\" title=\"Blick zur\u00fcck nach Medelan\" data-attachment-id=\"1402\" data-permalink=\"https:\/\/giteenfinistere.com\/de\/img_0946\/\" data-orig-file=\"https:\/\/i0.wp.com\/giteenfinistere.com\/wp-content\/uploads\/2019\/03\/IMG_0946-e1553522692552.jpg?fit=1200%2C800&amp;ssl=1\" data-orig-size=\"1200,800\" data-comments-opened=\"1\" data-image-meta=\"{&quot;aperture&quot;:&quot;10&quot;,&quot;credit&quot;:&quot;&quot;,&quot;camera&quot;:&quot;Canon EOS 6D&quot;,&quot;caption&quot;:&quot;&quot;,&quot;created_timestamp&quot;:&quot;1552298767&quot;,&quot;copyright&quot;:&quot;&quot;,&quot;focal_length&quot;:&quot;24&quot;,&quot;iso&quot;:&quot;100&quot;,&quot;shutter_speed&quot;:&quot;0.005&quot;,&quot;title&quot;:&quot;&quot;,&quot;orientation&quot;:&quot;1&quot;}\" data-image-title=\"IMG_0946\" data-image-description=\"\" data-image-caption=\"\" data-large-file=\"https:\/\/i0.wp.com\/giteenfinistere.com\/wp-content\/uploads\/2019\/03\/IMG_0946-e1553522692552.jpg?fit=740%2C494&amp;ssl=1\" \/>\t\t\t\t\t\t\t\t\t\t\t<\/div>\n\t\t\t\t\t<div class=\"sow-image-grid-image\">\n\t\t\t\t\t\t\t\t\t\t\t\t<img loading=\"lazy\" decoding=\"async\" width=\"1200\" height=\"800\" src=\"https:\/\/i0.wp.com\/giteenfinistere.com\/wp-content\/uploads\/2019\/03\/IMG_0947-e1553522730227.jpg?fit=1200%2C800&amp;ssl=1\" class=\"sow-image-grid-image_html\" alt=\"\" title=\"Morgensonne in Richtung Saint-Michel Kor\u00e9jou \" data-attachment-id=\"1403\" data-permalink=\"https:\/\/giteenfinistere.com\/de\/img_0947\/\" data-orig-file=\"https:\/\/i0.wp.com\/giteenfinistere.com\/wp-content\/uploads\/2019\/03\/IMG_0947-e1553522730227.jpg?fit=1200%2C800&amp;ssl=1\" data-orig-size=\"1200,800\" data-comments-opened=\"1\" data-image-meta=\"{&quot;aperture&quot;:&quot;10&quot;,&quot;credit&quot;:&quot;&quot;,&quot;camera&quot;:&quot;Canon EOS 6D&quot;,&quot;caption&quot;:&quot;&quot;,&quot;created_timestamp&quot;:&quot;1552298854&quot;,&quot;copyright&quot;:&quot;&quot;,&quot;focal_length&quot;:&quot;24&quot;,&quot;iso&quot;:&quot;100&quot;,&quot;shutter_speed&quot;:&quot;0.005&quot;,&quot;title&quot;:&quot;&quot;,&quot;orientation&quot;:&quot;1&quot;}\" data-image-title=\"IMG_0947\" data-image-description=\"\" data-image-caption=\"\" data-large-file=\"https:\/\/i0.wp.com\/giteenfinistere.com\/wp-content\/uploads\/2019\/03\/IMG_0947-e1553522730227.jpg?fit=740%2C494&amp;ssl=1\" \/>\t\t\t\t\t\t\t\t\t\t\t<\/div>\n\t\t\t\t\t<div class=\"sow-image-grid-image\">\n\t\t\t\t\t\t\t\t\t\t\t\t<img loading=\"lazy\" decoding=\"async\" width=\"1200\" height=\"800\" src=\"https:\/\/i0.wp.com\/giteenfinistere.com\/wp-content\/uploads\/2019\/03\/fullsizeoutput_3aa-e1553522758698.jpeg?fit=1200%2C800&amp;ssl=1\" class=\"sow-image-grid-image_html\" alt=\"\" title=\"Auch Vasco ist beeindruckt\" data-attachment-id=\"1404\" data-permalink=\"https:\/\/giteenfinistere.com\/de\/fullsizeoutput_3aa\/\" data-orig-file=\"https:\/\/i0.wp.com\/giteenfinistere.com\/wp-content\/uploads\/2019\/03\/fullsizeoutput_3aa-e1553522758698.jpeg?fit=1200%2C800&amp;ssl=1\" data-orig-size=\"1200,800\" data-comments-opened=\"1\" data-image-meta=\"{&quot;aperture&quot;:&quot;10&quot;,&quot;credit&quot;:&quot;&quot;,&quot;camera&quot;:&quot;Canon EOS 6D&quot;,&quot;caption&quot;:&quot;&quot;,&quot;created_timestamp&quot;:&quot;1552298892&quot;,&quot;copyright&quot;:&quot;&quot;,&quot;focal_length&quot;:&quot;32&quot;,&quot;iso&quot;:&quot;100&quot;,&quot;shutter_speed&quot;:&quot;0.005&quot;,&quot;title&quot;:&quot;&quot;,&quot;orientation&quot;:&quot;1&quot;}\" data-image-title=\"fullsizeoutput_3aa\" data-image-description=\"\" data-image-caption=\"\" data-large-file=\"https:\/\/i0.wp.com\/giteenfinistere.com\/wp-content\/uploads\/2019\/03\/fullsizeoutput_3aa-e1553522758698.jpeg?fit=740%2C494&amp;ssl=1\" \/>\t\t\t\t\t\t\t\t\t\t\t<\/div>\n\t\t\t\t\t<div class=\"sow-image-grid-image\">\n\t\t\t\t\t\t\t\t\t\t\t\t<img loading=\"lazy\" decoding=\"async\" width=\"1200\" height=\"800\" src=\"https:\/\/i0.wp.com\/giteenfinistere.com\/wp-content\/uploads\/2019\/03\/IMG_0950-e1553522799632.jpg?fit=1200%2C800&amp;ssl=1\" class=\"sow-image-grid-image_html\" alt=\"\" title=\"Fare in der hinteren Sandpiper Cottage am Meer\" data-attachment-id=\"1405\" data-permalink=\"https:\/\/giteenfinistere.com\/de\/img_0950\/\" data-orig-file=\"https:\/\/i0.wp.com\/giteenfinistere.com\/wp-content\/uploads\/2019\/03\/IMG_0950-e1553522799632.jpg?fit=1200%2C800&amp;ssl=1\" data-orig-size=\"1200,800\" data-comments-opened=\"1\" data-image-meta=\"{&quot;aperture&quot;:&quot;9&quot;,&quot;credit&quot;:&quot;&quot;,&quot;camera&quot;:&quot;Canon EOS 6D&quot;,&quot;caption&quot;:&quot;&quot;,&quot;created_timestamp&quot;:&quot;1552299032&quot;,&quot;copyright&quot;:&quot;&quot;,&quot;focal_length&quot;:&quot;24&quot;,&quot;iso&quot;:&quot;100&quot;,&quot;shutter_speed&quot;:&quot;0.00625&quot;,&quot;title&quot;:&quot;&quot;,&quot;orientation&quot;:&quot;1&quot;}\" data-image-title=\"IMG_0950\" data-image-description=\"\" data-image-caption=\"\" data-large-file=\"https:\/\/i0.wp.com\/giteenfinistere.com\/wp-content\/uploads\/2019\/03\/IMG_0950-e1553522799632.jpg?fit=740%2C494&amp;ssl=1\" \/>\t\t\t\t\t\t\t\t\t\t\t<\/div>\n\t\t\t\t\t<div class=\"sow-image-grid-image\">\n\t\t\t\t\t\t\t\t\t\t\t\t<img loading=\"lazy\" decoding=\"async\" width=\"1200\" height=\"800\" src=\"https:\/\/i0.wp.com\/giteenfinistere.com\/wp-content\/uploads\/2019\/03\/fullsizeoutput_3a8-e1553522829533.jpeg?fit=1200%2C800&amp;ssl=1\" class=\"sow-image-grid-image_html\" alt=\"\" title=\"Sonnige Wiese an der K\u00fcste\" data-attachment-id=\"1406\" data-permalink=\"https:\/\/giteenfinistere.com\/de\/fullsizeoutput_3a8\/\" data-orig-file=\"https:\/\/i0.wp.com\/giteenfinistere.com\/wp-content\/uploads\/2019\/03\/fullsizeoutput_3a8-e1553522829533.jpeg?fit=1200%2C800&amp;ssl=1\" data-orig-size=\"1200,800\" data-comments-opened=\"1\" data-image-meta=\"{&quot;aperture&quot;:&quot;9&quot;,&quot;credit&quot;:&quot;&quot;,&quot;camera&quot;:&quot;Canon EOS 6D&quot;,&quot;caption&quot;:&quot;&quot;,&quot;created_timestamp&quot;:&quot;1552299505&quot;,&quot;copyright&quot;:&quot;&quot;,&quot;focal_length&quot;:&quot;24&quot;,&quot;iso&quot;:&quot;100&quot;,&quot;shutter_speed&quot;:&quot;0.00625&quot;,&quot;title&quot;:&quot;&quot;,&quot;orientation&quot;:&quot;1&quot;}\" data-image-title=\"fullsizeoutput_3a8\" data-image-description=\"\" data-image-caption=\"\" data-large-file=\"https:\/\/i0.wp.com\/giteenfinistere.com\/wp-content\/uploads\/2019\/03\/fullsizeoutput_3a8-e1553522829533.jpeg?fit=740%2C494&amp;ssl=1\" \/>\t\t\t\t\t\t\t\t\t\t\t<\/div>\n\t\t\t<\/div>\n<\/div><\/div><\/div><\/div><\/div>","protected":false},"excerpt":{"rendered":"<p>Jeden Morgen besteht Vasco auf einem Spaziergang zu einer kleinen Felsformation in der N\u00e4he des Hauses, direkt an der K\u00fcste. Wir nennen es den &quot;Fr\u00fchst\u00fccksfelsen&quot; und es hat einen spektakul\u00e4ren Blick auf den Phase d&#039;Isle Vierge (Leuchtturm) und die Wellen der K\u00fcste. Wir starten direkt am Sentier des Doaniers (GR34) und machen\u2026<\/p>\n<a class=\"read-more-link\" href=\" https:\/\/giteenfinistere.com\/de\/2019\/03\/25\/morning-walk-with-vasco\/ \">Weiterlesen<\/a>","protected":false},"author":1,"featured_media":1454,"comment_status":"open","ping_status":"open","sticky":false,"template":"","format":"standard","meta":{"_coblocks_attr":"","_coblocks_dimensions":"","_coblocks_responsive_height":"","_coblocks_accordion_ie_support":"","_eb_attr":"","_crdt_document":"","_jetpack_newsletter_access":"","_jetpack_dont_email_post_to_subs":false,"_jetpack_newsletter_tier_id":0,"_jetpack_memberships_contains_paywalled_content":false,"_jetpack_memberships_contains_paid_content":false,"footnotes":"","jetpack_publicize_message":"","jetpack_publicize_feature_enabled":true,"jetpack_social_post_already_shared":true,"jetpack_social_options":{"image_generator_settings":{"template":"highway","default_image_id":0,"font":"","enabled":false},"version":2},"_wpas_customize_per_network":false,"jetpack_post_was_ever_published":false},"categories":[650664081,650664040,650664099,650664085],"tags":[650664109,650664110],"class_list":["post-1388","post","type-post","status-publish","format-standard","has-post-thumbnail","hentry","category-hiking","category-sandpiper-cottage-by-the-sea","category-vacation-in-finistere","category-vacation-in-plouguerneau","tag-brittany","tag-finistere","col-lg-4 col-sm-6"],"yoast_head":"<!-- This site is optimized with the Yoast SEO plugin v27.5 - https:\/\/yoast.com\/product\/yoast-seo-wordpress\/ -->\n<title>MORNING WALK WITH VASCO - Vacation in Plouguerneau<\/title>\n<meta name=\"description\" content=\"Hiking vacation in Plouguerneau Finistere\" \/>\n<meta name=\"robots\" content=\"index, follow, max-snippet:-1, max-image-preview:large, max-video-preview:-1\" \/>\n<link rel=\"canonical\" href=\"https:\/\/giteenfinistere.com\/de\/2019\/03\/25\/morning-walk-with-vasco\/\" \/>\n<meta property=\"og:locale\" content=\"de_DE\" \/>\n<meta property=\"og:type\" content=\"article\" \/>\n<meta property=\"og:title\" content=\"MORNING WALK WITH VASCO - Vacation in Plouguerneau\" \/>\n<meta property=\"og:description\" content=\"Hiking vacation in Plouguerneau Finistere\" \/>\n<meta property=\"og:url\" content=\"https:\/\/giteenfinistere.com\/de\/2019\/03\/25\/morning-walk-with-vasco\/\" \/>\n<meta property=\"article:published_time\" content=\"2019-03-25T17:03:56+00:00\" \/>\n<meta property=\"article:modified_time\" content=\"2025-12-21T15:59:47+00:00\" \/>\n<meta property=\"og:image\" content=\"https:\/\/giteenfinistere.com\/wp-content\/uploads\/2019\/03\/IMG_0524-e1559677125504.jpg\" \/>\n\t<meta property=\"og:image:width\" content=\"1800\" \/>\n\t<meta property=\"og:image:height\" content=\"1013\" \/>\n\t<meta property=\"og:image:type\" content=\"image\/jpeg\" \/>\n<meta name=\"author\" content=\"Michael\" \/>\n<meta name=\"twitter:card\" content=\"summary_large_image\" \/>\n<meta name=\"twitter:label1\" content=\"Verfasst von\" \/>\n\t<meta name=\"twitter:data1\" content=\"Michael\" \/>\n\t<meta name=\"twitter:label2\" content=\"Gesch\u00e4tzte Lesezeit\" \/>\n\t<meta name=\"twitter:data2\" content=\"3\u00a0Minuten\" \/>\n<script type=\"application\/ld+json\" class=\"yoast-schema-graph\">{\"@context\":\"https:\\\/\\\/schema.org\",\"@graph\":[{\"@type\":[\"Article\",\"BlogPosting\"],\"@id\":\"https:\\\/\\\/giteenfinistere.com\\\/2019\\\/03\\\/25\\\/morning-walk-with-vasco\\\/#article\",\"isPartOf\":{\"@id\":\"https:\\\/\\\/giteenfinistere.com\\\/2019\\\/03\\\/25\\\/morning-walk-with-vasco\\\/\"},\"author\":{\"name\":\"Michael\",\"@id\":\"https:\\\/\\\/giteenfinistere.com\\\/#\\\/schema\\\/person\\\/523e96d87f1c59197c5f05e068fd250d\"},\"headline\":\"MORNING WALK WITH VASCO\",\"datePublished\":\"2019-03-25T17:03:56+00:00\",\"dateModified\":\"2025-12-21T15:59:47+00:00\",\"mainEntityOfPage\":{\"@id\":\"https:\\\/\\\/giteenfinistere.com\\\/2019\\\/03\\\/25\\\/morning-walk-with-vasco\\\/\"},\"wordCount\":112,\"commentCount\":1,\"publisher\":{\"@id\":\"https:\\\/\\\/giteenfinistere.com\\\/#organization\"},\"image\":{\"@id\":\"https:\\\/\\\/giteenfinistere.com\\\/2019\\\/03\\\/25\\\/morning-walk-with-vasco\\\/#primaryimage\"},\"thumbnailUrl\":\"https:\\\/\\\/i0.wp.com\\\/giteenfinistere.com\\\/wp-content\\\/uploads\\\/2019\\\/03\\\/IMG_0524-e1559677125504.jpg?fit=1800%2C1013&ssl=1\",\"keywords\":[\"Brittany\",\"Finistere\"],\"articleSection\":[\"Hiking\",\"Sandpiper Cottage by the Sea\",\"Vacation in Finistere\",\"Vacation in Plouguerneau\"],\"inLanguage\":\"de\",\"potentialAction\":[{\"@type\":\"CommentAction\",\"name\":\"Comment\",\"target\":[\"https:\\\/\\\/giteenfinistere.com\\\/2019\\\/03\\\/25\\\/morning-walk-with-vasco\\\/#respond\"]}]},{\"@type\":\"WebPage\",\"@id\":\"https:\\\/\\\/giteenfinistere.com\\\/2019\\\/03\\\/25\\\/morning-walk-with-vasco\\\/\",\"url\":\"https:\\\/\\\/giteenfinistere.com\\\/2019\\\/03\\\/25\\\/morning-walk-with-vasco\\\/\",\"name\":\"MORNING WALK WITH VASCO - Vacation in Plouguerneau\",\"isPartOf\":{\"@id\":\"https:\\\/\\\/giteenfinistere.com\\\/#website\"},\"primaryImageOfPage\":{\"@id\":\"https:\\\/\\\/giteenfinistere.com\\\/2019\\\/03\\\/25\\\/morning-walk-with-vasco\\\/#primaryimage\"},\"image\":{\"@id\":\"https:\\\/\\\/giteenfinistere.com\\\/2019\\\/03\\\/25\\\/morning-walk-with-vasco\\\/#primaryimage\"},\"thumbnailUrl\":\"https:\\\/\\\/i0.wp.com\\\/giteenfinistere.com\\\/wp-content\\\/uploads\\\/2019\\\/03\\\/IMG_0524-e1559677125504.jpg?fit=1800%2C1013&ssl=1\",\"datePublished\":\"2019-03-25T17:03:56+00:00\",\"dateModified\":\"2025-12-21T15:59:47+00:00\",\"description\":\"Hiking vacation in Plouguerneau Finistere\",\"breadcrumb\":{\"@id\":\"https:\\\/\\\/giteenfinistere.com\\\/2019\\\/03\\\/25\\\/morning-walk-with-vasco\\\/#breadcrumb\"},\"inLanguage\":\"de\",\"potentialAction\":[{\"@type\":\"ReadAction\",\"target\":[\"https:\\\/\\\/giteenfinistere.com\\\/2019\\\/03\\\/25\\\/morning-walk-with-vasco\\\/\"]}]},{\"@type\":\"ImageObject\",\"inLanguage\":\"de\",\"@id\":\"https:\\\/\\\/giteenfinistere.com\\\/2019\\\/03\\\/25\\\/morning-walk-with-vasco\\\/#primaryimage\",\"url\":\"https:\\\/\\\/i0.wp.com\\\/giteenfinistere.com\\\/wp-content\\\/uploads\\\/2019\\\/03\\\/IMG_0524-e1559677125504.jpg?fit=1800%2C1013&ssl=1\",\"contentUrl\":\"https:\\\/\\\/i0.wp.com\\\/giteenfinistere.com\\\/wp-content\\\/uploads\\\/2019\\\/03\\\/IMG_0524-e1559677125504.jpg?fit=1800%2C1013&ssl=1\",\"width\":1800,\"height\":1013},{\"@type\":\"BreadcrumbList\",\"@id\":\"https:\\\/\\\/giteenfinistere.com\\\/2019\\\/03\\\/25\\\/morning-walk-with-vasco\\\/#breadcrumb\",\"itemListElement\":[{\"@type\":\"ListItem\",\"position\":1,\"name\":\"Home\",\"item\":\"https:\\\/\\\/giteenfinistere.com\\\/\"},{\"@type\":\"ListItem\",\"position\":2,\"name\":\"MORNING WALK WITH VASCO\"}]},{\"@type\":\"WebSite\",\"@id\":\"https:\\\/\\\/giteenfinistere.com\\\/#website\",\"url\":\"https:\\\/\\\/giteenfinistere.com\\\/\",\"name\":\"\",\"description\":\"\",\"publisher\":{\"@id\":\"https:\\\/\\\/giteenfinistere.com\\\/#organization\"},\"potentialAction\":[{\"@type\":\"SearchAction\",\"target\":{\"@type\":\"EntryPoint\",\"urlTemplate\":\"https:\\\/\\\/giteenfinistere.com\\\/?s={search_term_string}\"},\"query-input\":{\"@type\":\"PropertyValueSpecification\",\"valueRequired\":true,\"valueName\":\"search_term_string\"}}],\"inLanguage\":\"de\"},{\"@type\":\"Organization\",\"@id\":\"https:\\\/\\\/giteenfinistere.com\\\/#organization\",\"name\":\"Sandpiper Cottage by the Sea\",\"url\":\"https:\\\/\\\/giteenfinistere.com\\\/\",\"logo\":{\"@type\":\"ImageObject\",\"inLanguage\":\"de\",\"@id\":\"https:\\\/\\\/giteenfinistere.com\\\/#\\\/schema\\\/logo\\\/image\\\/\",\"url\":\"https:\\\/\\\/i1.wp.com\\\/giteenfinistere.com\\\/wp-content\\\/uploads\\\/2018\\\/10\\\/logo4.png?fit=485%2C85&ssl=1\",\"contentUrl\":\"https:\\\/\\\/i1.wp.com\\\/giteenfinistere.com\\\/wp-content\\\/uploads\\\/2018\\\/10\\\/logo4.png?fit=485%2C85&ssl=1\",\"width\":485,\"height\":85,\"caption\":\"Sandpiper Cottage by the Sea\"},\"image\":{\"@id\":\"https:\\\/\\\/giteenfinistere.com\\\/#\\\/schema\\\/logo\\\/image\\\/\"}},{\"@type\":\"Person\",\"@id\":\"https:\\\/\\\/giteenfinistere.com\\\/#\\\/schema\\\/person\\\/523e96d87f1c59197c5f05e068fd250d\",\"name\":\"Michael\",\"image\":{\"@type\":\"ImageObject\",\"inLanguage\":\"de\",\"@id\":\"https:\\\/\\\/secure.gravatar.com\\\/avatar\\\/4eb55a78ce6f5455aa2c1a602ce2a16b1c39fd4440b0f3ac10cc445dd0eaae8a?s=96&d=identicon&r=g\",\"url\":\"https:\\\/\\\/secure.gravatar.com\\\/avatar\\\/4eb55a78ce6f5455aa2c1a602ce2a16b1c39fd4440b0f3ac10cc445dd0eaae8a?s=96&d=identicon&r=g\",\"contentUrl\":\"https:\\\/\\\/secure.gravatar.com\\\/avatar\\\/4eb55a78ce6f5455aa2c1a602ce2a16b1c39fd4440b0f3ac10cc445dd0eaae8a?s=96&d=identicon&r=g\",\"caption\":\"Michael\"},\"description\":\"My Journey in Photography: Photography has fascinated me since my youth. I started with black-and-white photography and spent hours in a room with red light and strong chemicals developing photos. Today, I am discovering digital photography as a medium of endless possibilities. After studying aeronautical engineering, I worked for decades in the aviation industry and am now focusing on further developing my creative side. I find beauty in the subtle and often overlooked details. I create images that tell stories in a unique and thought-provoking way. My work is mostly about urban scapes. I capture the essence and hidden corners of the world I wander through. Join me on a journey to discover unseen beauty and stories from life.\",\"sameAs\":[\"http:\\\/\\\/untoldstories.pics\"]}]}<\/script>\n<!-- \/ Yoast SEO plugin. -->","yoast_head_json":{"title":"MORGEN SPAZIERGANG MIT VASCO - Urlaub in Plouguerneau","description":"Wanderurlaub in Plouguerneau Finist\u00e8re","robots":{"index":"index","follow":"follow","max-snippet":"max-snippet:-1","max-image-preview":"max-image-preview:large","max-video-preview":"max-video-preview:-1"},"canonical":"https:\/\/giteenfinistere.com\/de\/2019\/03\/25\/morning-walk-with-vasco\/","og_locale":"de_DE","og_type":"article","og_title":"MORNING WALK WITH VASCO - Vacation in Plouguerneau","og_description":"Hiking vacation in Plouguerneau Finistere","og_url":"https:\/\/giteenfinistere.com\/de\/2019\/03\/25\/morning-walk-with-vasco\/","article_published_time":"2019-03-25T17:03:56+00:00","article_modified_time":"2025-12-21T15:59:47+00:00","og_image":[{"width":1800,"height":1013,"url":"https:\/\/giteenfinistere.com\/wp-content\/uploads\/2019\/03\/IMG_0524-e1559677125504.jpg","type":"image\/jpeg"}],"author":"Michael","twitter_card":"summary_large_image","twitter_misc":{"Verfasst von":"Michael","Gesch\u00e4tzte Lesezeit":"3\u00a0Minuten"},"schema":{"@context":"https:\/\/schema.org","@graph":[{"@type":["Article","BlogPosting"],"@id":"https:\/\/giteenfinistere.com\/2019\/03\/25\/morning-walk-with-vasco\/#article","isPartOf":{"@id":"https:\/\/giteenfinistere.com\/2019\/03\/25\/morning-walk-with-vasco\/"},"author":{"name":"Michael","@id":"https:\/\/giteenfinistere.com\/#\/schema\/person\/523e96d87f1c59197c5f05e068fd250d"},"headline":"MORNING WALK WITH VASCO","datePublished":"2019-03-25T17:03:56+00:00","dateModified":"2025-12-21T15:59:47+00:00","mainEntityOfPage":{"@id":"https:\/\/giteenfinistere.com\/2019\/03\/25\/morning-walk-with-vasco\/"},"wordCount":112,"commentCount":1,"publisher":{"@id":"https:\/\/giteenfinistere.com\/#organization"},"image":{"@id":"https:\/\/giteenfinistere.com\/2019\/03\/25\/morning-walk-with-vasco\/#primaryimage"},"thumbnailUrl":"https:\/\/i0.wp.com\/giteenfinistere.com\/wp-content\/uploads\/2019\/03\/IMG_0524-e1559677125504.jpg?fit=1800%2C1013&ssl=1","keywords":["Brittany","Finistere"],"articleSection":["Hiking","Sandpiper Cottage by the Sea","Vacation in Finistere","Vacation in Plouguerneau"],"inLanguage":"de","potentialAction":[{"@type":"CommentAction","name":"Comment","target":["https:\/\/giteenfinistere.com\/2019\/03\/25\/morning-walk-with-vasco\/#respond"]}]},{"@type":"WebPage","@id":"https:\/\/giteenfinistere.com\/2019\/03\/25\/morning-walk-with-vasco\/","url":"https:\/\/giteenfinistere.com\/2019\/03\/25\/morning-walk-with-vasco\/","name":"MORGEN SPAZIERGANG MIT VASCO - Urlaub in Plouguerneau","isPartOf":{"@id":"https:\/\/giteenfinistere.com\/#website"},"primaryImageOfPage":{"@id":"https:\/\/giteenfinistere.com\/2019\/03\/25\/morning-walk-with-vasco\/#primaryimage"},"image":{"@id":"https:\/\/giteenfinistere.com\/2019\/03\/25\/morning-walk-with-vasco\/#primaryimage"},"thumbnailUrl":"https:\/\/i0.wp.com\/giteenfinistere.com\/wp-content\/uploads\/2019\/03\/IMG_0524-e1559677125504.jpg?fit=1800%2C1013&ssl=1","datePublished":"2019-03-25T17:03:56+00:00","dateModified":"2025-12-21T15:59:47+00:00","description":"Wanderurlaub in Plouguerneau Finist\u00e8re","breadcrumb":{"@id":"https:\/\/giteenfinistere.com\/2019\/03\/25\/morning-walk-with-vasco\/#breadcrumb"},"inLanguage":"de","potentialAction":[{"@type":"ReadAction","target":["https:\/\/giteenfinistere.com\/2019\/03\/25\/morning-walk-with-vasco\/"]}]},{"@type":"ImageObject","inLanguage":"de","@id":"https:\/\/giteenfinistere.com\/2019\/03\/25\/morning-walk-with-vasco\/#primaryimage","url":"https:\/\/i0.wp.com\/giteenfinistere.com\/wp-content\/uploads\/2019\/03\/IMG_0524-e1559677125504.jpg?fit=1800%2C1013&ssl=1","contentUrl":"https:\/\/i0.wp.com\/giteenfinistere.com\/wp-content\/uploads\/2019\/03\/IMG_0524-e1559677125504.jpg?fit=1800%2C1013&ssl=1","width":1800,"height":1013},{"@type":"BreadcrumbList","@id":"https:\/\/giteenfinistere.com\/2019\/03\/25\/morning-walk-with-vasco\/#breadcrumb","itemListElement":[{"@type":"ListItem","position":1,"name":"Home","item":"https:\/\/giteenfinistere.com\/"},{"@type":"ListItem","position":2,"name":"MORNING WALK WITH VASCO"}]},{"@type":"WebSite","@id":"https:\/\/giteenfinistere.com\/#website","url":"https:\/\/giteenfinistere.com\/","name":"","description":"","publisher":{"@id":"https:\/\/giteenfinistere.com\/#organization"},"potentialAction":[{"@type":"SearchAction","target":{"@type":"EntryPoint","urlTemplate":"https:\/\/giteenfinistere.com\/?s={search_term_string}"},"query-input":{"@type":"PropertyValueSpecification","valueRequired":true,"valueName":"search_term_string"}}],"inLanguage":"de"},{"@type":"Organization","@id":"https:\/\/giteenfinistere.com\/#organization","name":"Sandpiper Cottage by the Sea","url":"https:\/\/giteenfinistere.com\/","logo":{"@type":"ImageObject","inLanguage":"de","@id":"https:\/\/giteenfinistere.com\/#\/schema\/logo\/image\/","url":"https:\/\/i1.wp.com\/giteenfinistere.com\/wp-content\/uploads\/2018\/10\/logo4.png?fit=485%2C85&ssl=1","contentUrl":"https:\/\/i1.wp.com\/giteenfinistere.com\/wp-content\/uploads\/2018\/10\/logo4.png?fit=485%2C85&ssl=1","width":485,"height":85,"caption":"Sandpiper Cottage by the Sea"},"image":{"@id":"https:\/\/giteenfinistere.com\/#\/schema\/logo\/image\/"}},{"@type":"Person","@id":"https:\/\/giteenfinistere.com\/#\/schema\/person\/523e96d87f1c59197c5f05e068fd250d","name":"Michael","image":{"@type":"ImageObject","inLanguage":"de","@id":"https:\/\/secure.gravatar.com\/avatar\/4eb55a78ce6f5455aa2c1a602ce2a16b1c39fd4440b0f3ac10cc445dd0eaae8a?s=96&d=identicon&r=g","url":"https:\/\/secure.gravatar.com\/avatar\/4eb55a78ce6f5455aa2c1a602ce2a16b1c39fd4440b0f3ac10cc445dd0eaae8a?s=96&d=identicon&r=g","contentUrl":"https:\/\/secure.gravatar.com\/avatar\/4eb55a78ce6f5455aa2c1a602ce2a16b1c39fd4440b0f3ac10cc445dd0eaae8a?s=96&d=identicon&r=g","caption":"Michael"},"description":"Meine Reise in der Fotografie: Fotografie fasziniert mich seit meiner Jugend. Ich begann mit Schwarzwei\u00dffotografie und verbrachte Stunden in einem Raum mit Rotlicht und starken Chemikalien, um Fotos zu entwickeln. Heute entdecke ich die digitale Fotografie als Medium unendlicher M\u00f6glichkeiten. Nach meinem Studium der Luft- und Raumfahrttechnik arbeitete ich jahrzehntelang in der Luftfahrtindustrie und konzentriere mich nun darauf, meine kreative Seite weiterzuentwickeln. Ich finde Sch\u00f6nheit im Subtilen und oft \u00dcbersehenen. Ich schaffe Bilder, die Geschichten auf einzigartige und zum Nachdenken anregende Weise erz\u00e4hlen. Meine Arbeit dreht sich haupts\u00e4chlich um Stadtlandschaften. Ich fange die Essenz und die verborgenen Winkel der Welt ein, durch die ich wandere. Begleiten Sie mich auf einer Reise, um ungesehene Sch\u00f6nheit und Geschichten des Lebens zu entdecken.","sameAs":["http:\/\/untoldstories.pics"]}]}},"jetpack_publicize_connections":[],"jetpack_featured_media_url":"https:\/\/i0.wp.com\/giteenfinistere.com\/wp-content\/uploads\/2019\/03\/IMG_0524-e1559677125504.jpg?fit=1800%2C1013&ssl=1","jetpack_sharing_enabled":true,"jetpack_shortlink":"https:\/\/wp.me\/p9GoUt-mo","jetpack_likes_enabled":true,"_links":{"self":[{"href":"https:\/\/giteenfinistere.com\/de\/wp-json\/wp\/v2\/posts\/1388","targetHints":{"allow":["GET"]}}],"collection":[{"href":"https:\/\/giteenfinistere.com\/de\/wp-json\/wp\/v2\/posts"}],"about":[{"href":"https:\/\/giteenfinistere.com\/de\/wp-json\/wp\/v2\/types\/post"}],"author":[{"embeddable":true,"href":"https:\/\/giteenfinistere.com\/de\/wp-json\/wp\/v2\/users\/1"}],"replies":[{"embeddable":true,"href":"https:\/\/giteenfinistere.com\/de\/wp-json\/wp\/v2\/comments?post=1388"}],"version-history":[{"count":49,"href":"https:\/\/giteenfinistere.com\/de\/wp-json\/wp\/v2\/posts\/1388\/revisions"}],"predecessor-version":[{"id":4681,"href":"https:\/\/giteenfinistere.com\/de\/wp-json\/wp\/v2\/posts\/1388\/revisions\/4681"}],"wp:featuredmedia":[{"embeddable":true,"href":"https:\/\/giteenfinistere.com\/de\/wp-json\/wp\/v2\/media\/1454"}],"wp:attachment":[{"href":"https:\/\/giteenfinistere.com\/de\/wp-json\/wp\/v2\/media?parent=1388"}],"wp:term":[{"taxonomy":"category","embeddable":true,"href":"https:\/\/giteenfinistere.com\/de\/wp-json\/wp\/v2\/categories?post=1388"},{"taxonomy":"post_tag","embeddable":true,"href":"https:\/\/giteenfinistere.com\/de\/wp-json\/wp\/v2\/tags?post=1388"}],"curies":[{"name":"wp","href":"https:\/\/api.w.org\/{rel}","templated":true}]}}